{"id":113,"date":"2023-11-01T17:39:31","date_gmt":"2023-11-01T17:39:31","guid":{"rendered":"https:\/\/maquisardsdupassage.fr\/?p=113"},"modified":"2023-11-01T17:52:38","modified_gmt":"2023-11-01T17:52:38","slug":"le-maquis-de-montmartre-toujours-plus-menace","status":"publish","type":"post","link":"https:\/\/maquisardsdupassage.fr\/index.php\/2023\/11\/01\/le-maquis-de-montmartre-toujours-plus-menace\/","title":{"rendered":"Le Maquis de Montmartre toujours plus menac\u00e9 !"},"content":{"rendered":"<div class=\"x11i5rnm xat24cr x1mh8g0r x1vvkbs xtlvy1s x126k92a\">\n<div dir=\"auto\">Class\u00e9 par d\u00e9cret du 27 novembre 1991 afin de le prot\u00e9ger d\u2019un projet de construction de parc de stationnement souterrain, le site dit du \u00ab Maquis de Montmartre \u00bb comprend un ensemble de parcelles d\u00e9finies au plan cadastral ci-contre ainsi que le mur de sout\u00e8nement bordant l&rsquo;avenue Junot.<\/div>\n<div dir=\"auto\">Aujourd&rsquo;hui, au terme d&rsquo;une proc\u00e9dure d\u2019Appel \u00e0 Manifestation d\u2019Int\u00e9r\u00eat Concurrent (AMIC) lanc\u00e9e par la Mairie de Paris en septembre 2022, apr\u00e8s que le g\u00e9rant de l\u2019H\u00f4tel Particulier a d\u00e9pos\u00e9 \u00e0 la mairie d\u2019arrondissement le 13 juillet 2022 une manifestation spontan\u00e9e d\u2019int\u00e9r\u00eat pour une occupation du terrain de 787m2, section ATn\u00b088 du cadastre, occup\u00e9 depuis 1971 par le Club de P\u00e9tanque Lepic Abbesses (CLAP), le Maquis de Montmartre est \u00e0 nouveau en danger.<\/div>\n<div dir=\"auto\">Parmi les 4 projets pr\u00e9sent\u00e9s en r\u00e9ponse \u00e0 l\u2019AMIC, c\u2019est celui du \u00ab Maquis de la Sourci\u00e8re \u00bb qui a \u00e9t\u00e9 retenu par le comit\u00e9 de s\u00e9lection r\u00e9uni \u00e0 cet effet. Or, certains des arguments du projet, d\u00e9velopp\u00e9s dans le Rapport d\u2019analyse des offres au regard des crit\u00e8res et qui ont men\u00e9 au choix, interrogent sur la compr\u00e9hension des termes m\u00eame du d\u00e9cret de classement et la prise en compte des obligations r\u00e9glementaires qu\u2019il induit.<\/div>\n<div dir=\"auto\">Le projet propose la d\u00e9molition du club-house situ\u00e9 sur la parcelle et celle de la partie en parpaing du mur de cl\u00f4ture qui serait remplac\u00e9e par la pose d\u2019une grille ajour\u00e9e, ainsi que la suppression de plusieurs terrains de boules. Ces \u00e9l\u00e9ments, d\u00e9j\u00e0 pr\u00e9sents en 1991, \u00e9chappent-ils aujourd\u2019hui au p\u00e9rim\u00e8tre de l\u2019arr\u00eat\u00e9 de classement et \u00e0 l\u2019autorit\u00e9 de l\u2019Architecte des b\u00e2timents de France ?<\/div>\n<div dir=\"auto\">Celui-ci s\u2019\u00e9tait exprim\u00e9 \u00e0 ce sujet le 11 janvier 1999 dans le journal Le Parisien, \u00e0 l\u2019occasion d\u2019un incident survenu sur une des propri\u00e9t\u00e9s situ\u00e9e dans le p\u00e9rim\u00e8tre class\u00e9. Il avait confirm\u00e9 \u00ab lui seul \u00e9tait habilit\u00e9 \u00e0 autoriser la moindre intervention sur ce terrain \u00bb.<\/div>\n<div dir=\"auto\">Dans le cadre des travaux toujours, le candidat pr\u00e9voit le r\u00e9am\u00e9nagement de l\u2019ensemble du passage M18 avec notamment l\u2019installation de pav\u00e9s sci\u00e9s, dans l\u2019objectif d\u2019offrir une accessibilit\u00e9 PMR compl\u00e8te. Cet aspect du projet est envisag\u00e9 avec l\u2019accompagnement d\u2019un \u00ab cabinet d\u2019\u00e9tudes sp\u00e9cialis\u00e9 \u00bb Rappelons que le Passage de la Sorci\u00e8re, dont la d\u00e9nomination populaire semble dater des ann\u00e9es 1930, fait l\u2019objet d\u2019une mention particuli\u00e8re signalant son importance historique dans une des annexes au d\u00e9cret de classement comme \u00ab le dernier des trois chemins qui desservaient autrefois les moulins (Moulin Vieux, Moulin Neuf et Moulin de la Galette) et permettaient d\u2019aller de la rue Lepic \u00e0 la partie de la Butte \u00e0 pr\u00e9sent rattach\u00e9e \u00e0 l\u2019avenue Junot \u00bb. Dans ce cadre, un bureau d\u2019\u00e9tudes pourrait-il se substituer aux services comp\u00e9tents de l\u2019\u00e9tat en la mati\u00e8re ?<\/div>\n<\/div>\n<div class=\"x11i5rnm xat24cr x1mh8g0r x1vvkbs xtlvy1s x126k92a\">\n<div dir=\"auto\">Enfin, les r\u00e9f\u00e9rences \u00e0 \u00ab l\u2019esprit Maquis \u00bb et \u00e0 son histoire sont maintes fois convoqu\u00e9es dans l\u2019argumentaire de la proposition retenue par la ville et dans l\u2019analyse qu\u2019en fait le comit\u00e9 de s\u00e9lection qui en salue sa restitution programm\u00e9e.<\/div>\n<div dir=\"auto\">Prenons du recul et jetons un coup d\u2019\u0153il en arri\u00e8re : qu\u2019\u00e9tait-ce au juste le Maquis de Montmartre ?<\/div>\n<div dir=\"auto\">Fort heureusement, de nombreuses repr\u00e9sentations (picturales et photographiques) et des t\u00e9moignages \u00e9crits nous permettent de nous repr\u00e9senter cet espace qui s\u2019\u00e9tendait sur le flan de la butte, entre les rues Caulaincourt, Lepic et Girardon, l\u00e0 o\u00f9 a \u00e9t\u00e9 perc\u00e9e l\u2019avenue Junot.<\/div>\n<div dir=\"auto\">Du dernier quart du 19\u00e8me si\u00e8cle jusqu\u2019aux ann\u00e9es 1920, le Maquis de Montmartre \u00e9tait une agglom\u00e9ration de fragiles petites baraques entour\u00e9es de jardinets. En 1875, il est d\u00e9crit ainsi par un journaliste dans la revue Le Magasin Pittoresque : \u00ab On y voit des rues tortueuses, des maisons ou plut\u00f4t des masures comme on en trouverait plus que dans les petites villes de la province la plus recul\u00e9e, des constructions en planches qui ne tiennent que par habitude. On y voit aussi des maisons de campagne qui se cachent dans la verdure comme des nids, et des jardins en terrasse qui s\u2019\u00e9tagent sur les pentes enclos ou soutenus par de vieilles murailles \u00e0 contre-forts. \u00bb \u00c0 partir des ann\u00e9es 1890, des constructions plus solides viennent remplacer certaines de ses installations.<\/div>\n<div dir=\"auto\">Plus r\u00e9cemment, en 1994, une publication de la Ville de Paris d\u00e9crit l\u2019imbrication de la v\u00e9g\u00e9tation et du tissu urbain qui caract\u00e9rise le quartier : \u00ab \u2026 Dans toutes les anfractuosit\u00e9s du tissu urbain, m\u00eame les plus petites, la v\u00e9g\u00e9tation assure une forte pr\u00e9sence sans n\u00e9cessiter de grandes surfaces d\u2019espaces verts. Elle se manifeste au contraire sous des formes verticales essentiellement compos\u00e9es avec les surfaces du b\u00e2ti : les cl\u00f4tures, les murs, les fa\u00e7ades\u2026 \u00bb<\/div>\n<div dir=\"auto\">Ce village de bric et de broc abritait une population aux profils tr\u00e8s vari\u00e9s : modestes apprentis fermiers attir\u00e9s par les loyers \u00e0 bas prix de terrains jug\u00e9s inconstructibles, petits m\u00e9tiers parisiens tels que chiffonniers, rempailleurs de chaises, marchands de quatre saisons, ferrailleurs, marchands de peaux de lapins\u2026 Auxquels se m\u00e9langeaient des personnages originaux ou marginaux hauts en couleurs mais aussi des artistes parmi lesquels Van Gogh, Utrillo, Steinlein, Ziem (dont l\u2019atelier \u00e9tait situ\u00e9 pr\u00e9cis\u00e9ment sur le terrain occup\u00e9 aujourd\u2019hui par l\u2019association Le CLAP), Jean Renoir, G\u00e9rard de Nerval\u2026<\/div>\n<\/div>\n<div class=\"x11i5rnm xat24cr x1mh8g0r x1vvkbs xtlvy1s x126k92a\">\n<div dir=\"auto\">Nous sommes bien loin de la for\u00eat des merveilles, des maquis de Corse ou du Vercors. C\u2019est cette sp\u00e9cificit\u00e9 Montmartroise, inscrite tant dans l\u2019histoire de son paysage que dans son histoire sociale que pr\u00e9serve et d\u00e9fend l\u2019arr\u00eat\u00e9 de classement de 1991, y compris dans sa dimension immat\u00e9rielle. \u00ab Il s\u2019agit d\u2019une entit\u00e9 naturelle remarquable par ses caract\u00e9ristiques, sa localisation et le t\u00e9moignage de l\u2019histoire de Montmartre qu\u2019elle incarne \u00bb.<\/div>\n<div dir=\"auto\">Et c\u2019est aussi ce que nous d\u00e9fendons !<\/div>\n<\/div>\n<div class=\"x11i5rnm xat24cr x1mh8g0r x1vvkbs xtlvy1s x126k92a\">\n<div dir=\"auto\">Marie Demarcq pour l\u2019association Les Maquisard.e.s du passage Junot Lepic<\/div>\n<\/div>\n\n\n<figure class=\"wp-block-image size-large is-resized\"><img loading=\"lazy\" decoding=\"async\" width=\"724\" height=\"1024\" src=\"https:\/\/maquisardsdupassage.fr\/wp-content\/uploads\/2023\/11\/cadastre-724x1024.jpg\" alt=\"\" class=\"wp-image-127\" style=\"aspect-ratio:0.70703125;width:581px;height:auto\" srcset=\"https:\/\/maquisardsdupassage.fr\/wp-content\/uploads\/2023\/11\/cadastre-724x1024.jpg 724w, https:\/\/maquisardsdupassage.fr\/wp-content\/uploads\/2023\/11\/cadastre-212x300.jpg 212w, https:\/\/maquisardsdupassage.fr\/wp-content\/uploads\/2023\/11\/cadastre-768x1087.jpg 768w, https:\/\/maquisardsdupassage.fr\/wp-content\/uploads\/2023\/11\/cadastre.jpg 826w\" sizes=\"auto, (max-width: 724px) 100vw, 724px\" \/><\/figure>\n\n\n\n<figure class=\"wp-block-image size-large\"><img loading=\"lazy\" decoding=\"async\" width=\"724\" height=\"1024\" src=\"https:\/\/maquisardsdupassage.fr\/wp-content\/uploads\/2023\/11\/2-724x1024.jpg\" alt=\"\" class=\"wp-image-129\" srcset=\"https:\/\/maquisardsdupassage.fr\/wp-content\/uploads\/2023\/11\/2-724x1024.jpg 724w, https:\/\/maquisardsdupassage.fr\/wp-content\/uploads\/2023\/11\/2-212x300.jpg 212w, https:\/\/maquisardsdupassage.fr\/wp-content\/uploads\/2023\/11\/2-768x1087.jpg 768w, https:\/\/maquisardsdupassage.fr\/wp-content\/uploads\/2023\/11\/2.jpg 826w\" sizes=\"auto, (max-width: 724px) 100vw, 724px\" \/><\/figure>\n\n\n\n<figure class=\"wp-block-image size-large\"><img loading=\"lazy\" decoding=\"async\" width=\"719\" height=\"1024\" src=\"https:\/\/maquisardsdupassage.fr\/wp-content\/uploads\/2023\/11\/3-719x1024.jpg\" alt=\"\" class=\"wp-image-130\" srcset=\"https:\/\/maquisardsdupassage.fr\/wp-content\/uploads\/2023\/11\/3-719x1024.jpg 719w, https:\/\/maquisardsdupassage.fr\/wp-content\/uploads\/2023\/11\/3-211x300.jpg 211w, https:\/\/maquisardsdupassage.fr\/wp-content\/uploads\/2023\/11\/3-768x1094.jpg 768w, https:\/\/maquisardsdupassage.fr\/wp-content\/uploads\/2023\/11\/3-1079x1536.jpg 1079w, https:\/\/maquisardsdupassage.fr\/wp-content\/uploads\/2023\/11\/3-1438x2048.jpg 1438w, https:\/\/maquisardsdupassage.fr\/wp-content\/uploads\/2023\/11\/3.jpg 1641w\" sizes=\"auto, (max-width: 719px) 100vw, 719px\" \/><\/figure>\n\n\n\n<figure class=\"wp-block-image size-large is-resized\"><img loading=\"lazy\" decoding=\"async\" width=\"1653\" height=\"2331\" src=\"https:\/\/maquisardsdupassage.fr\/wp-content\/uploads\/2023\/11\/4-726x1024.jpg\" alt=\"\" class=\"wp-image-131\" style=\"aspect-ratio:0.708984375;width:650px;height:auto\" srcset=\"https:\/\/maquisardsdupassage.fr\/wp-content\/uploads\/2023\/11\/4-726x1024.jpg 726w, https:\/\/maquisardsdupassage.fr\/wp-content\/uploads\/2023\/11\/4-213x300.jpg 213w, https:\/\/maquisardsdupassage.fr\/wp-content\/uploads\/2023\/11\/4-768x1083.jpg 768w, https:\/\/maquisardsdupassage.fr\/wp-content\/uploads\/2023\/11\/4-1089x1536.jpg 1089w, https:\/\/maquisardsdupassage.fr\/wp-content\/uploads\/2023\/11\/4-1452x2048.jpg 1452w, https:\/\/maquisardsdupassage.fr\/wp-content\/uploads\/2023\/11\/4.jpg 1653w\" sizes=\"auto, (max-width: 1653px) 100vw, 1653px\" \/><\/figure>\n\n\n\n<figure class=\"wp-block-image size-large\"><img loading=\"lazy\" decoding=\"async\" width=\"731\" height=\"1024\" src=\"https:\/\/maquisardsdupassage.fr\/wp-content\/uploads\/2023\/11\/5-731x1024.jpg\" alt=\"\" class=\"wp-image-132\" srcset=\"https:\/\/maquisardsdupassage.fr\/wp-content\/uploads\/2023\/11\/5-731x1024.jpg 731w, https:\/\/maquisardsdupassage.fr\/wp-content\/uploads\/2023\/11\/5-214x300.jpg 214w, https:\/\/maquisardsdupassage.fr\/wp-content\/uploads\/2023\/11\/5-768x1075.jpg 768w, https:\/\/maquisardsdupassage.fr\/wp-content\/uploads\/2023\/11\/5-1097x1536.jpg 1097w, https:\/\/maquisardsdupassage.fr\/wp-content\/uploads\/2023\/11\/5-1463x2048.jpg 1463w, https:\/\/maquisardsdupassage.fr\/wp-content\/uploads\/2023\/11\/5.jpg 1665w\" sizes=\"auto, (max-width: 731px) 100vw, 731px\" \/><\/figure>\n\n\n\n<figure class=\"wp-block-image size-large\"><img loading=\"lazy\" decoding=\"async\" width=\"717\" height=\"1024\" src=\"https:\/\/maquisardsdupassage.fr\/wp-content\/uploads\/2023\/11\/6-717x1024.jpg\" alt=\"\" class=\"wp-image-133\" srcset=\"https:\/\/maquisardsdupassage.fr\/wp-content\/uploads\/2023\/11\/6-717x1024.jpg 717w, https:\/\/maquisardsdupassage.fr\/wp-content\/uploads\/2023\/11\/6-210x300.jpg 210w, https:\/\/maquisardsdupassage.fr\/wp-content\/uploads\/2023\/11\/6-768x1096.jpg 768w, https:\/\/maquisardsdupassage.fr\/wp-content\/uploads\/2023\/11\/6-1076x1536.jpg 1076w, https:\/\/maquisardsdupassage.fr\/wp-content\/uploads\/2023\/11\/6-1435x2048.jpg 1435w, https:\/\/maquisardsdupassage.fr\/wp-content\/uploads\/2023\/11\/6.jpg 1629w\" sizes=\"auto, (max-width: 717px) 100vw, 717px\" \/><\/figure>\n\n\n\n<figure class=\"wp-block-image size-large\"><img loading=\"lazy\" decoding=\"async\" width=\"728\" height=\"1024\" src=\"https:\/\/maquisardsdupassage.fr\/wp-content\/uploads\/2023\/11\/7-728x1024.jpg\" alt=\"\" class=\"wp-image-134\" srcset=\"https:\/\/maquisardsdupassage.fr\/wp-content\/uploads\/2023\/11\/7-728x1024.jpg 728w, https:\/\/maquisardsdupassage.fr\/wp-content\/uploads\/2023\/11\/7-213x300.jpg 213w, https:\/\/maquisardsdupassage.fr\/wp-content\/uploads\/2023\/11\/7-768x1080.jpg 768w, https:\/\/maquisardsdupassage.fr\/wp-content\/uploads\/2023\/11\/7-1092x1536.jpg 1092w, https:\/\/maquisardsdupassage.fr\/wp-content\/uploads\/2023\/11\/7-1456x2048.jpg 1456w, https:\/\/maquisardsdupassage.fr\/wp-content\/uploads\/2023\/11\/7.jpg 1653w\" sizes=\"auto, (max-width: 728px) 100vw, 728px\" \/><\/figure>\n\n\n\n<figure class=\"wp-block-image size-large\"><img loading=\"lazy\" decoding=\"async\" width=\"718\" height=\"1024\" src=\"https:\/\/maquisardsdupassage.fr\/wp-content\/uploads\/2023\/11\/8-718x1024.jpg\" alt=\"\" class=\"wp-image-135\" srcset=\"https:\/\/maquisardsdupassage.fr\/wp-content\/uploads\/2023\/11\/8-718x1024.jpg 718w, https:\/\/maquisardsdupassage.fr\/wp-content\/uploads\/2023\/11\/8-210x300.jpg 210w, https:\/\/maquisardsdupassage.fr\/wp-content\/uploads\/2023\/11\/8-768x1095.jpg 768w, https:\/\/maquisardsdupassage.fr\/wp-content\/uploads\/2023\/11\/8-1077x1536.jpg 1077w, https:\/\/maquisardsdupassage.fr\/wp-content\/uploads\/2023\/11\/8-1436x2048.jpg 1436w, https:\/\/maquisardsdupassage.fr\/wp-content\/uploads\/2023\/11\/8.jpg 1635w\" sizes=\"auto, (max-width: 718px) 100vw, 718px\" \/><\/figure>\n\n\n\n<figure class=\"wp-block-image size-full\"><img loading=\"lazy\" decoding=\"async\" width=\"960\" height=\"613\" src=\"https:\/\/maquisardsdupassage.fr\/wp-content\/uploads\/2023\/11\/9.jpg\" alt=\"\" class=\"wp-image-136\" srcset=\"https:\/\/maquisardsdupassage.fr\/wp-content\/uploads\/2023\/11\/9.jpg 960w, https:\/\/maquisardsdupassage.fr\/wp-content\/uploads\/2023\/11\/9-300x192.jpg 300w, https:\/\/maquisardsdupassage.fr\/wp-content\/uploads\/2023\/11\/9-768x490.jpg 768w\" sizes=\"auto, (max-width: 960px) 100vw, 960px\" \/><\/figure>\n\n\n\n<figure class=\"wp-block-image size-full\"><img loading=\"lazy\" decoding=\"async\" width=\"475\" height=\"528\" src=\"https:\/\/maquisardsdupassage.fr\/wp-content\/uploads\/2023\/11\/10.jpg\" alt=\"\" class=\"wp-image-137\" srcset=\"https:\/\/maquisardsdupassage.fr\/wp-content\/uploads\/2023\/11\/10.jpg 475w, https:\/\/maquisardsdupassage.fr\/wp-content\/uploads\/2023\/11\/10-270x300.jpg 270w\" sizes=\"auto, (max-width: 475px) 100vw, 475px\" \/><\/figure>\n\n\n\n<figure class=\"wp-block-image size-full\"><img loading=\"lazy\" decoding=\"async\" width=\"624\" height=\"900\" src=\"https:\/\/maquisardsdupassage.fr\/wp-content\/uploads\/2023\/11\/11.jpg\" alt=\"\" class=\"wp-image-138\" srcset=\"https:\/\/maquisardsdupassage.fr\/wp-content\/uploads\/2023\/11\/11.jpg 624w, https:\/\/maquisardsdupassage.fr\/wp-content\/uploads\/2023\/11\/11-208x300.jpg 208w\" sizes=\"auto, (max-width: 624px) 100vw, 624px\" \/><\/figure>\n\n\n\n<figure class=\"wp-block-image size-full\"><img loading=\"lazy\" decoding=\"async\" width=\"300\" height=\"259\" src=\"https:\/\/maquisardsdupassage.fr\/wp-content\/uploads\/2023\/11\/12.jpg\" alt=\"\" class=\"wp-image-139\"\/><\/figure>\n","protected":false},"excerpt":{"rendered":"<p>Class\u00e9 par d\u00e9cret du 27 novembre 1991 afin de le prot\u00e9ger d\u2019un projet de construction de parc de stationnement souterrain, le site dit du \u00ab Maquis de Montmartre \u00bb comprend un ensemble de parcelles d\u00e9finies au plan cadastral ci-contre ainsi que le mur de sout\u00e8nement bordant l&rsquo;avenue Junot. Aujourd&rsquo;hui, au terme d&rsquo;une proc\u00e9dure d\u2019Appel \u00e0 [&hellip;]<\/p>\n","protected":false},"author":1,"featured_media":0,"comment_status":"closed","ping_status":"open","sticky":false,"template":"","format":"standard","meta":{"footnotes":""},"categories":[5],"tags":[],"class_list":["post-113","post","type-post","status-publish","format-standard","hentry","category-allons-faire-un-tour-dans-le-maquis"],"_links":{"self":[{"href":"https:\/\/maquisardsdupassage.fr\/index.php\/wp-json\/wp\/v2\/posts\/113","targetHints":{"allow":["GET"]}}],"collection":[{"href":"https:\/\/maquisardsdupassage.fr\/index.php\/wp-json\/wp\/v2\/posts"}],"about":[{"href":"https:\/\/maquisardsdupassage.fr\/index.php\/wp-json\/wp\/v2\/types\/post"}],"author":[{"embeddable":true,"href":"https:\/\/maquisardsdupassage.fr\/index.php\/wp-json\/wp\/v2\/users\/1"}],"replies":[{"embeddable":true,"href":"https:\/\/maquisardsdupassage.fr\/index.php\/wp-json\/wp\/v2\/comments?post=113"}],"version-history":[{"count":2,"href":"https:\/\/maquisardsdupassage.fr\/index.php\/wp-json\/wp\/v2\/posts\/113\/revisions"}],"predecessor-version":[{"id":140,"href":"https:\/\/maquisardsdupassage.fr\/index.php\/wp-json\/wp\/v2\/posts\/113\/revisions\/140"}],"wp:attachment":[{"href":"https:\/\/maquisardsdupassage.fr\/index.php\/wp-json\/wp\/v2\/media?parent=113"}],"wp:term":[{"taxonomy":"category","embeddable":true,"href":"https:\/\/maquisardsdupassage.fr\/index.php\/wp-json\/wp\/v2\/categories?post=113"},{"taxonomy":"post_tag","embeddable":true,"href":"https:\/\/maquisardsdupassage.fr\/index.php\/wp-json\/wp\/v2\/tags?post=113"}],"curies":[{"name":"wp","href":"https:\/\/api.w.org\/{rel}","templated":true}]}}