{"id":164,"date":"2024-09-19T12:10:47","date_gmt":"2024-09-19T12:10:47","guid":{"rendered":"https:\/\/maquisardsdupassage.fr\/?p=164"},"modified":"2024-09-19T12:10:47","modified_gmt":"2024-09-19T12:10:47","slug":"la-mairie-fuit-ses-responsabilites-plainte-au-tribunal-administratif","status":"publish","type":"post","link":"https:\/\/maquisardsdupassage.fr\/index.php\/2024\/09\/19\/la-mairie-fuit-ses-responsabilites-plainte-au-tribunal-administratif\/","title":{"rendered":"La Mairie fuit ses responsabilit\u00e9s => Plainte au Tribunal administratif."},"content":{"rendered":"<p>La Mairie a, \u00e0 nouveau, trait\u00e9 notre mise en demeure d&rsquo;avril 2024 par le m\u00e9pris. Notons \u00e0 ce propos l&rsquo;expertise des la Mairie de Paris et du 18\u00e8me en mati\u00e8re de m\u00e9pris pour les habitants de la capitale.<\/p>\n<p>Les maquisards, avec le Cabinet d&rsquo;Avocats VIGO, \u00e0 donc port\u00e9 plainte devant le tribunal administratif pour obliger la Mairie de Paris \u00e0 respecter le code de l&rsquo;urbanisme et \u00e0 obliger l\u2019H\u00f4tel Particulier Montmartre \u00e0 d\u00e9molir ses extensions ill\u00e9gales.<\/p>\n<p>Nous posons la question : \u00ab\u00a0jusqu\u2019o\u00f9 ira la connivence entre la Mairie et l\u2019H\u00f4tel Particulier.<\/p>\n<p><img loading=\"lazy\" decoding=\"async\" class=\"wp-image-168 aligncenter\" src=\"https:\/\/maquisardsdupassage.fr\/wp-content\/uploads\/2024\/09\/recours-trib-administratif-1-246x300.png\" alt=\"\" width=\"550\" height=\"671\" srcset=\"https:\/\/maquisardsdupassage.fr\/wp-content\/uploads\/2024\/09\/recours-trib-administratif-1-246x300.png 246w, https:\/\/maquisardsdupassage.fr\/wp-content\/uploads\/2024\/09\/recours-trib-administratif-1-840x1024.png 840w, https:\/\/maquisardsdupassage.fr\/wp-content\/uploads\/2024\/09\/recours-trib-administratif-1-768x936.png 768w, https:\/\/maquisardsdupassage.fr\/wp-content\/uploads\/2024\/09\/recours-trib-administratif-1.png 1231w\" sizes=\"auto, (max-width: 550px) 100vw, 550px\" \/><\/p>\n","protected":false},"excerpt":{"rendered":"<p>La Mairie a, \u00e0 nouveau, trait\u00e9 notre mise en demeure d&rsquo;avril 2024 par le m\u00e9pris. Notons \u00e0 ce propos l&rsquo;expertise des la Mairie de Paris et du 18\u00e8me en mati\u00e8re de m\u00e9pris pour les habitants de la capitale. Les maquisards, avec le Cabinet d&rsquo;Avocats VIGO, \u00e0 donc port\u00e9 plainte devant le tribunal administratif pour obliger [&hellip;]<\/p>\n","protected":false},"author":1,"featured_media":0,"comment_status":"open","ping_status":"open","sticky":false,"template":"","format":"standard","meta":{"footnotes":""},"categories":[1],"tags":[],"class_list":["post-164","post","type-post","status-publish","format-standard","hentry","category-uncategorized"],"_links":{"self":[{"href":"https:\/\/maquisardsdupassage.fr\/index.php\/wp-json\/wp\/v2\/posts\/164","targetHints":{"allow":["GET"]}}],"collection":[{"href":"https:\/\/maquisardsdupassage.fr\/index.php\/wp-json\/wp\/v2\/posts"}],"about":[{"href":"https:\/\/maquisardsdupassage.fr\/index.php\/wp-json\/wp\/v2\/types\/post"}],"author":[{"embeddable":true,"href":"https:\/\/maquisardsdupassage.fr\/index.php\/wp-json\/wp\/v2\/users\/1"}],"replies":[{"embeddable":true,"href":"https:\/\/maquisardsdupassage.fr\/index.php\/wp-json\/wp\/v2\/comments?post=164"}],"version-history":[{"count":1,"href":"https:\/\/maquisardsdupassage.fr\/index.php\/wp-json\/wp\/v2\/posts\/164\/revisions"}],"predecessor-version":[{"id":169,"href":"https:\/\/maquisardsdupassage.fr\/index.php\/wp-json\/wp\/v2\/posts\/164\/revisions\/169"}],"wp:attachment":[{"href":"https:\/\/maquisardsdupassage.fr\/index.php\/wp-json\/wp\/v2\/media?parent=164"}],"wp:term":[{"taxonomy":"category","embeddable":true,"href":"https:\/\/maquisardsdupassage.fr\/index.php\/wp-json\/wp\/v2\/categories?post=164"},{"taxonomy":"post_tag","embeddable":true,"href":"https:\/\/maquisardsdupassage.fr\/index.php\/wp-json\/wp\/v2\/tags?post=164"}],"curies":[{"name":"wp","href":"https:\/\/api.w.org\/{rel}","templated":true}]}}