{"id":171,"date":"2024-09-19T12:26:29","date_gmt":"2024-09-19T12:26:29","guid":{"rendered":"https:\/\/maquisardsdupassage.fr\/?p=171"},"modified":"2024-09-19T12:26:29","modified_gmt":"2024-09-19T12:26:29","slug":"le-maquis-de-montmartre-aux-journees-du-patrimoine","status":"publish","type":"post","link":"https:\/\/maquisardsdupassage.fr\/index.php\/2024\/09\/19\/le-maquis-de-montmartre-aux-journees-du-patrimoine\/","title":{"rendered":"Le Maquis de Montmartre aux Journ\u00e9es du Patrimoine"},"content":{"rendered":"<p>Le Maquis du Passage est inscrit aux journ\u00e9es du Patrimoine 2024.<\/p>\n<p>Le 21 septembre de 10h \u00e0 19h, une exposition de textes et photos rappellera ce qu&rsquo;\u00e9tait le Maquis de Montmartre, montrera ce qu&rsquo;il en reste, et alertera le public sur la d\u00e9sastreuse op\u00e9ration de destruction en cours.<\/p>\n<p>Cette manifestation est organis\u00e9e par l&rsquo;Association Les Maquisards du Passage, le collectif des riverains, et le collectif de d\u00e9fense du Clap (Club Lepic Abbesses P\u00e9tanque).<\/p>\n<p>Venez nombreux.<\/p>\n<p><img loading=\"lazy\" decoding=\"async\" class=\"wp-image-173 aligncenter\" src=\"https:\/\/maquisardsdupassage.fr\/wp-content\/uploads\/2024\/09\/patrimoine-2-300x217.jpg\" alt=\"\" width=\"475\" height=\"343\" srcset=\"https:\/\/maquisardsdupassage.fr\/wp-content\/uploads\/2024\/09\/patrimoine-2-300x217.jpg 300w, https:\/\/maquisardsdupassage.fr\/wp-content\/uploads\/2024\/09\/patrimoine-2-768x555.jpg 768w, https:\/\/maquisardsdupassage.fr\/wp-content\/uploads\/2024\/09\/patrimoine-2.jpg 800w\" sizes=\"auto, (max-width: 475px) 100vw, 475px\" \/><\/p>\n\n\n<p><\/p>\n","protected":false},"excerpt":{"rendered":"<p>Le Maquis du Passage est inscrit aux journ\u00e9es du Patrimoine 2024. Le 21 septembre de 10h \u00e0 19h, une exposition de textes et photos rappellera ce qu&rsquo;\u00e9tait le Maquis de Montmartre, montrera ce qu&rsquo;il en reste, et alertera le public sur la d\u00e9sastreuse op\u00e9ration de destruction en cours. Cette manifestation est organis\u00e9e par l&rsquo;Association Les [&hellip;]<\/p>\n","protected":false},"author":1,"featured_media":0,"comment_status":"open","ping_status":"open","sticky":false,"template":"","format":"standard","meta":{"footnotes":""},"categories":[1],"tags":[],"class_list":["post-171","post","type-post","status-publish","format-standard","hentry","category-uncategorized"],"_links":{"self":[{"href":"https:\/\/maquisardsdupassage.fr\/index.php\/wp-json\/wp\/v2\/posts\/171","targetHints":{"allow":["GET"]}}],"collection":[{"href":"https:\/\/maquisardsdupassage.fr\/index.php\/wp-json\/wp\/v2\/posts"}],"about":[{"href":"https:\/\/maquisardsdupassage.fr\/index.php\/wp-json\/wp\/v2\/types\/post"}],"author":[{"embeddable":true,"href":"https:\/\/maquisardsdupassage.fr\/index.php\/wp-json\/wp\/v2\/users\/1"}],"replies":[{"embeddable":true,"href":"https:\/\/maquisardsdupassage.fr\/index.php\/wp-json\/wp\/v2\/comments?post=171"}],"version-history":[{"count":1,"href":"https:\/\/maquisardsdupassage.fr\/index.php\/wp-json\/wp\/v2\/posts\/171\/revisions"}],"predecessor-version":[{"id":174,"href":"https:\/\/maquisardsdupassage.fr\/index.php\/wp-json\/wp\/v2\/posts\/171\/revisions\/174"}],"wp:attachment":[{"href":"https:\/\/maquisardsdupassage.fr\/index.php\/wp-json\/wp\/v2\/media?parent=171"}],"wp:term":[{"taxonomy":"category","embeddable":true,"href":"https:\/\/maquisardsdupassage.fr\/index.php\/wp-json\/wp\/v2\/categories?post=171"},{"taxonomy":"post_tag","embeddable":true,"href":"https:\/\/maquisardsdupassage.fr\/index.php\/wp-json\/wp\/v2\/tags?post=171"}],"curies":[{"name":"wp","href":"https:\/\/api.w.org\/{rel}","templated":true}]}}